{"id":723,"date":"2015-12-11T21:36:39","date_gmt":"2015-12-11T20:36:39","guid":{"rendered":"http:\/\/beletteprint.fr\/blog\/?p=723"},"modified":"2015-12-11T21:36:39","modified_gmt":"2015-12-11T20:36:39","slug":"le-bazar-de-noel","status":"publish","type":"post","link":"http:\/\/beletteprint.fr\/blog\/le-bazar-de-noel\/","title":{"rendered":"Le bazar de No\u00ebl!"},"content":{"rendered":"<p>Ce week-end, <a href=\"http:\/\/www.sewetlaine.com\">Sew et Laine<\/a> et<a href=\"http:\/\/www.instantsbordelais.com\/christmas-market\/\"> Instants Bordelais<\/a> organisent le <a href=\"https:\/\/www.facebook.com\/events\/1539727926317178\/\">Bazar de No\u00ebl<\/a> au march\u00e9 des Douves. Et j&rsquo;y serai avec l<a href=\"https:\/\/www.etsy.com\/fr\/pages\/bordeaux-aquitaine\">a team Etsy Bordeaux<\/a>.<\/p>\n<p>Nous serons 5 sur ce stand :\u00a0<a href=\"http:\/\/beletteprint.fr\/blog\/wp-content\/uploads\/2015\/12\/il_570xN.834469311_n0lq.jpg\" rel=\"attachment wp-att-724\"><img loading=\"lazy\" class=\"aligncenter size-full wp-image-724\" src=\"http:\/\/beletteprint.fr\/blog\/wp-content\/uploads\/2015\/12\/il_570xN.834469311_n0lq.jpg\" alt=\"il_570xN.834469311_n0lq\" width=\"570\" height=\"379\" srcset=\"http:\/\/beletteprint.fr\/blog\/wp-content\/uploads\/2015\/12\/il_570xN.834469311_n0lq.jpg 570w, http:\/\/beletteprint.fr\/blog\/wp-content\/uploads\/2015\/12\/il_570xN.834469311_n0lq-150x100.jpg 150w, http:\/\/beletteprint.fr\/blog\/wp-content\/uploads\/2015\/12\/il_570xN.834469311_n0lq-300x199.jpg 300w\" sizes=\"(max-width: 570px) 100vw, 570px\" \/><\/a><\/p>\n<p><a href=\"https:\/\/www.etsy.com\/fr\/shop\/milicancrelat\">Milicancrelat<\/a> avec ses accessoires et bijoux vraiment originaux, pour les amoureux des chats noirs et autres bizarreries.<\/p>\n<p><a href=\"http:\/\/beletteprint.fr\/blog\/wp-content\/uploads\/2015\/12\/il_570xN.819270688_m3x7.jpg\" rel=\"attachment wp-att-725\"><img loading=\"lazy\" class=\"aligncenter size-full wp-image-725\" src=\"http:\/\/beletteprint.fr\/blog\/wp-content\/uploads\/2015\/12\/il_570xN.819270688_m3x7.jpg\" alt=\"il_570xN.819270688_m3x7\" width=\"570\" height=\"570\" srcset=\"http:\/\/beletteprint.fr\/blog\/wp-content\/uploads\/2015\/12\/il_570xN.819270688_m3x7.jpg 570w, http:\/\/beletteprint.fr\/blog\/wp-content\/uploads\/2015\/12\/il_570xN.819270688_m3x7-150x150.jpg 150w, http:\/\/beletteprint.fr\/blog\/wp-content\/uploads\/2015\/12\/il_570xN.819270688_m3x7-100x100.jpg 100w, http:\/\/beletteprint.fr\/blog\/wp-content\/uploads\/2015\/12\/il_570xN.819270688_m3x7-300x300.jpg 300w\" sizes=\"(max-width: 570px) 100vw, 570px\" \/><\/a><a href=\"https:\/\/www.etsy.com\/fr\/shop\/MonsieurAlphonse?ref=pr_faveshops\">Monsieur Alphonse<\/a> et ses tissages muraux modernes et uniques.<\/p>\n<p><a href=\"http:\/\/beletteprint.fr\/blog\/wp-content\/uploads\/2015\/12\/il_570xN.857697300_i3yi.jpg\" rel=\"attachment wp-att-726\"><img loading=\"lazy\" class=\"aligncenter size-full wp-image-726\" src=\"http:\/\/beletteprint.fr\/blog\/wp-content\/uploads\/2015\/12\/il_570xN.857697300_i3yi.jpg\" alt=\"il_570xN.857697300_i3yi\" width=\"570\" height=\"570\" srcset=\"http:\/\/beletteprint.fr\/blog\/wp-content\/uploads\/2015\/12\/il_570xN.857697300_i3yi.jpg 570w, http:\/\/beletteprint.fr\/blog\/wp-content\/uploads\/2015\/12\/il_570xN.857697300_i3yi-150x150.jpg 150w, http:\/\/beletteprint.fr\/blog\/wp-content\/uploads\/2015\/12\/il_570xN.857697300_i3yi-100x100.jpg 100w, http:\/\/beletteprint.fr\/blog\/wp-content\/uploads\/2015\/12\/il_570xN.857697300_i3yi-300x300.jpg 300w\" sizes=\"(max-width: 570px) 100vw, 570px\" \/><\/a><a href=\"https:\/\/www.etsy.com\/fr\/shop\/MPFK?ref=search_shop_redirect\">Ma petite fabrik<\/a> avec ses cr\u00e9ations aux crochets coquettes et au go\u00fbt du jour.<\/p>\n<p><a href=\"http:\/\/beletteprint.fr\/blog\/wp-content\/uploads\/2015\/12\/il_570xN.816698611_kg4i.jpg\" rel=\"attachment wp-att-727\"><img loading=\"lazy\" class=\"aligncenter size-full wp-image-727\" src=\"http:\/\/beletteprint.fr\/blog\/wp-content\/uploads\/2015\/12\/il_570xN.816698611_kg4i.jpg\" alt=\"il_570xN.816698611_kg4i\" width=\"570\" height=\"456\" srcset=\"http:\/\/beletteprint.fr\/blog\/wp-content\/uploads\/2015\/12\/il_570xN.816698611_kg4i.jpg 570w, http:\/\/beletteprint.fr\/blog\/wp-content\/uploads\/2015\/12\/il_570xN.816698611_kg4i-150x120.jpg 150w, http:\/\/beletteprint.fr\/blog\/wp-content\/uploads\/2015\/12\/il_570xN.816698611_kg4i-300x240.jpg 300w\" sizes=\"(max-width: 570px) 100vw, 570px\" \/><\/a><a href=\"https:\/\/www.etsy.com\/fr\/shop\/LittleCureuil?ref=pr_faveshops\">Little cureuil <\/a>et ses po\u00e9tiques mobiles en origami pour enfants.<\/p>\n<p><a href=\"http:\/\/beletteprint.fr\/blog\/wp-content\/uploads\/2015\/12\/impressionzoom-300x222.jpg\" rel=\"attachment wp-att-728\"><img loading=\"lazy\" class=\"aligncenter size-full wp-image-728\" src=\"http:\/\/beletteprint.fr\/blog\/wp-content\/uploads\/2015\/12\/impressionzoom-300x222.jpg\" alt=\"impressionzoom-300x222\" width=\"300\" height=\"222\" srcset=\"http:\/\/beletteprint.fr\/blog\/wp-content\/uploads\/2015\/12\/impressionzoom-300x222.jpg 300w, http:\/\/beletteprint.fr\/blog\/wp-content\/uploads\/2015\/12\/impressionzoom-300x222-150x111.jpg 150w\" sizes=\"(max-width: 300px) 100vw, 300px\" \/><\/a>Et donc moi, avec tout ce que vous connaissez : les linogravures (dont certaines n&rsquo;ont jamais \u00e9t\u00e9 en boutique comme <a href=\"http:\/\/beletteprint.fr\/blog\/le-poisson-papillon\/\">le poisson papillon<\/a>, pas facile \u00e0 envoyer \u00e9tant donn\u00e9 son format), les tampons, les sacs en lin (dont le sac figuier!), les portes cartes, les \u00e9tiquettes cadeau, les tabliers &#8230;<a href=\"http:\/\/beletteprint.fr\/blog\/wp-content\/uploads\/2015\/12\/boite.jpg\" rel=\"attachment wp-att-729\"><img loading=\"lazy\" class=\"aligncenter size-medium wp-image-729\" src=\"http:\/\/beletteprint.fr\/blog\/wp-content\/uploads\/2015\/12\/boite-595x595.jpg\" alt=\"boite\" width=\"595\" height=\"595\" srcset=\"http:\/\/beletteprint.fr\/blog\/wp-content\/uploads\/2015\/12\/boite-595x595.jpg 595w, http:\/\/beletteprint.fr\/blog\/wp-content\/uploads\/2015\/12\/boite-150x150.jpg 150w, http:\/\/beletteprint.fr\/blog\/wp-content\/uploads\/2015\/12\/boite-100x100.jpg 100w, http:\/\/beletteprint.fr\/blog\/wp-content\/uploads\/2015\/12\/boite-300x300.jpg 300w, http:\/\/beletteprint.fr\/blog\/wp-content\/uploads\/2015\/12\/boite-768x768.jpg 768w, http:\/\/beletteprint.fr\/blog\/wp-content\/uploads\/2015\/12\/boite-960x960.jpg 960w, http:\/\/beletteprint.fr\/blog\/wp-content\/uploads\/2015\/12\/boite-600x600.jpg 600w, http:\/\/beletteprint.fr\/blog\/wp-content\/uploads\/2015\/12\/boite.jpg 1000w\" sizes=\"(max-width: 595px) 100vw, 595px\" \/><\/a> <a href=\"http:\/\/beletteprint.fr\/blog\/wp-content\/uploads\/2015\/12\/porte2.jpg\" rel=\"attachment wp-att-730\"><img loading=\"lazy\" class=\"aligncenter size-medium wp-image-730\" src=\"http:\/\/beletteprint.fr\/blog\/wp-content\/uploads\/2015\/12\/porte2-595x595.jpg\" alt=\"porte2\" width=\"595\" height=\"595\" srcset=\"http:\/\/beletteprint.fr\/blog\/wp-content\/uploads\/2015\/12\/porte2-595x595.jpg 595w, http:\/\/beletteprint.fr\/blog\/wp-content\/uploads\/2015\/12\/porte2-150x150.jpg 150w, http:\/\/beletteprint.fr\/blog\/wp-content\/uploads\/2015\/12\/porte2-100x100.jpg 100w, http:\/\/beletteprint.fr\/blog\/wp-content\/uploads\/2015\/12\/porte2-300x300.jpg 300w, http:\/\/beletteprint.fr\/blog\/wp-content\/uploads\/2015\/12\/porte2-768x768.jpg 768w, http:\/\/beletteprint.fr\/blog\/wp-content\/uploads\/2015\/12\/porte2-960x960.jpg 960w, http:\/\/beletteprint.fr\/blog\/wp-content\/uploads\/2015\/12\/porte2-600x600.jpg 600w, http:\/\/beletteprint.fr\/blog\/wp-content\/uploads\/2015\/12\/porte2.jpg 1000w\" sizes=\"(max-width: 595px) 100vw, 595px\" \/><\/a><\/p>\n<p>Donc si vous \u00eates dans le coin, n&rsquo;h\u00e9sitez pas \u00e0 passer me voir. J&rsquo;y serai \u00e0 \u00a0coup s\u00fbr samedi apr\u00e8s-midi et dimanche matin. Le reste du week-end, je ne serai pas loin non plus!<\/p>\n<p>&nbsp;<\/p>\n","protected":false},"excerpt":{"rendered":"<p>Ce week-end, Sew et Laine et Instants Bordelais organisent le Bazar de No\u00ebl au march\u00e9 des Douves. Et j&rsquo;y serai avec la team Etsy Bordeaux. Nous serons 5 sur ce stand :\u00a0 Milicancrelat avec ses accessoires et bijoux vraiment originaux, pour les amoureux des chats noirs et autres bizarreries. Monsieur Alphonse et ses tissages muraux &hellip; <a href=\"http:\/\/beletteprint.fr\/blog\/le-bazar-de-noel\/\" class=\"more-link\">Continuer la lecture de <span class=\"screen-reader-text\">Le bazar de No\u00ebl!<\/span> <span class=\"meta-nav\">&rarr;<\/span><\/a><\/p>\n","protected":false},"author":1,"featured_media":732,"comment_status":"open","ping_status":"open","sticky":false,"template":"","format":"standard","meta":{"_links_to":"","_links_to_target":""},"categories":[96,10,139,2],"tags":[11,145,146,3],"yoast_head":"<!-- This site is optimized with the Yoast SEO plugin v16.3 - https:\/\/yoast.com\/wordpress\/plugins\/seo\/ -->\n<meta name=\"robots\" content=\"index, follow, max-snippet:-1, max-image-preview:large, max-video-preview:-1\" \/>\n<link rel=\"canonical\" href=\"http:\/\/beletteprint.fr\/blog\/le-bazar-de-noel\/\" \/>\n<meta property=\"og:locale\" content=\"fr_FR\" \/>\n<meta property=\"og:type\" content=\"article\" \/>\n<meta property=\"og:title\" content=\"Le bazar de No\u00ebl! - Belette Print\" \/>\n<meta property=\"og:description\" content=\"Ce week-end, Sew et Laine et Instants Bordelais organisent le Bazar de No\u00ebl au march\u00e9 des Douves. Et j&rsquo;y serai avec la team Etsy Bordeaux. Nous serons 5 sur ce stand :\u00a0 Milicancrelat avec ses accessoires et bijoux vraiment originaux, pour les amoureux des chats noirs et autres bizarreries. Monsieur Alphonse et ses tissages muraux &hellip; Continuer la lecture de Le bazar de No\u00ebl! &rarr;\" \/>\n<meta property=\"og:url\" content=\"http:\/\/beletteprint.fr\/blog\/le-bazar-de-noel\/\" \/>\n<meta property=\"og:site_name\" content=\"Belette Print\" \/>\n<meta property=\"article:publisher\" content=\"https:\/\/fr-fr.facebook.com\/belettePrint\/\" \/>\n<meta property=\"article:published_time\" content=\"2015-12-11T20:36:39+00:00\" \/>\n<meta property=\"og:image\" content=\"http:\/\/beletteprint.fr\/blog\/wp-content\/uploads\/2015\/12\/enavanttampon.jpg\" \/>\n\t<meta property=\"og:image:width\" content=\"1038\" \/>\n\t<meta property=\"og:image:height\" content=\"601\" \/>\n<meta name=\"twitter:card\" content=\"summary_large_image\" \/>\n<meta name=\"twitter:label1\" content=\"Dur\u00e9e de lecture est.\">\n\t<meta name=\"twitter:data1\" content=\"1 minute\">\n<script type=\"application\/ld+json\" class=\"yoast-schema-graph\">{\"@context\":\"https:\/\/schema.org\",\"@graph\":[{\"@type\":\"WebSite\",\"@id\":\"http:\/\/beletteprint.fr\/blog\/#website\",\"url\":\"http:\/\/beletteprint.fr\/blog\/\",\"name\":\"Belette Print\",\"description\":\"Linogravure\",\"potentialAction\":[{\"@type\":\"SearchAction\",\"target\":\"http:\/\/beletteprint.fr\/blog\/?s={search_term_string}\",\"query-input\":\"required name=search_term_string\"}],\"inLanguage\":\"fr-FR\"},{\"@type\":\"ImageObject\",\"@id\":\"http:\/\/beletteprint.fr\/blog\/le-bazar-de-noel\/#primaryimage\",\"inLanguage\":\"fr-FR\",\"url\":\"http:\/\/beletteprint.fr\/blog\/wp-content\/uploads\/2015\/12\/enavanttampon.jpg\",\"contentUrl\":\"http:\/\/beletteprint.fr\/blog\/wp-content\/uploads\/2015\/12\/enavanttampon.jpg\",\"width\":1038,\"height\":601},{\"@type\":\"WebPage\",\"@id\":\"http:\/\/beletteprint.fr\/blog\/le-bazar-de-noel\/#webpage\",\"url\":\"http:\/\/beletteprint.fr\/blog\/le-bazar-de-noel\/\",\"name\":\"Le bazar de No\\u00ebl! - Belette Print\",\"isPartOf\":{\"@id\":\"http:\/\/beletteprint.fr\/blog\/#website\"},\"primaryImageOfPage\":{\"@id\":\"http:\/\/beletteprint.fr\/blog\/le-bazar-de-noel\/#primaryimage\"},\"datePublished\":\"2015-12-11T20:36:39+00:00\",\"dateModified\":\"2015-12-11T20:36:39+00:00\",\"author\":{\"@id\":\"http:\/\/beletteprint.fr\/blog\/#\/schema\/person\/d43605ef0d5681c1b27a4ba1fede1cf4\"},\"breadcrumb\":{\"@id\":\"http:\/\/beletteprint.fr\/blog\/le-bazar-de-noel\/#breadcrumb\"},\"inLanguage\":\"fr-FR\",\"potentialAction\":[{\"@type\":\"ReadAction\",\"target\":[\"http:\/\/beletteprint.fr\/blog\/le-bazar-de-noel\/\"]}]},{\"@type\":\"BreadcrumbList\",\"@id\":\"http:\/\/beletteprint.fr\/blog\/le-bazar-de-noel\/#breadcrumb\",\"itemListElement\":[{\"@type\":\"ListItem\",\"position\":1,\"item\":{\"@type\":\"WebPage\",\"@id\":\"http:\/\/beletteprint.fr\/blog\/\",\"url\":\"http:\/\/beletteprint.fr\/blog\/\",\"name\":\"Accueil\"}},{\"@type\":\"ListItem\",\"position\":2,\"item\":{\"@id\":\"http:\/\/beletteprint.fr\/blog\/le-bazar-de-noel\/#webpage\"}}]},{\"@type\":\"Person\",\"@id\":\"http:\/\/beletteprint.fr\/blog\/#\/schema\/person\/d43605ef0d5681c1b27a4ba1fede1cf4\",\"name\":\"Marie Belette\",\"image\":{\"@type\":\"ImageObject\",\"@id\":\"http:\/\/beletteprint.fr\/blog\/#personlogo\",\"inLanguage\":\"fr-FR\",\"url\":\"http:\/\/1.gravatar.com\/avatar\/d229fee9e256679606330403eac6d15a?s=96&d=mm&r=g\",\"contentUrl\":\"http:\/\/1.gravatar.com\/avatar\/d229fee9e256679606330403eac6d15a?s=96&d=mm&r=g\",\"caption\":\"Marie Belette\"}}]}<\/script>\n<!-- \/ Yoast SEO plugin. -->","_links":{"self":[{"href":"http:\/\/beletteprint.fr\/blog\/wp-json\/wp\/v2\/posts\/723"}],"collection":[{"href":"http:\/\/beletteprint.fr\/blog\/wp-json\/wp\/v2\/posts"}],"about":[{"href":"http:\/\/beletteprint.fr\/blog\/wp-json\/wp\/v2\/types\/post"}],"author":[{"embeddable":true,"href":"http:\/\/beletteprint.fr\/blog\/wp-json\/wp\/v2\/users\/1"}],"replies":[{"embeddable":true,"href":"http:\/\/beletteprint.fr\/blog\/wp-json\/wp\/v2\/comments?post=723"}],"version-history":[{"count":2,"href":"http:\/\/beletteprint.fr\/blog\/wp-json\/wp\/v2\/posts\/723\/revisions"}],"predecessor-version":[{"id":733,"href":"http:\/\/beletteprint.fr\/blog\/wp-json\/wp\/v2\/posts\/723\/revisions\/733"}],"wp:featuredmedia":[{"embeddable":true,"href":"http:\/\/beletteprint.fr\/blog\/wp-json\/wp\/v2\/media\/732"}],"wp:attachment":[{"href":"http:\/\/beletteprint.fr\/blog\/wp-json\/wp\/v2\/media?parent=723"}],"wp:term":[{"taxonomy":"category","embeddable":true,"href":"http:\/\/beletteprint.fr\/blog\/wp-json\/wp\/v2\/categories?post=723"},{"taxonomy":"post_tag","embeddable":true,"href":"http:\/\/beletteprint.fr\/blog\/wp-json\/wp\/v2\/tags?post=723"}],"curies":[{"name":"wp","href":"https:\/\/api.w.org\/{rel}","templated":true}]}}